{"id":2181,"date":"2026-03-30T11:20:18","date_gmt":"2026-03-30T11:20:18","guid":{"rendered":"https:\/\/amnestytunisie.org\/fr\/?p=2181"},"modified":"2026-03-30T11:20:20","modified_gmt":"2026-03-30T11:20:20","slug":"global-fifa-and-world-cup-hosts-must-prevent-tournament-becoming-a-threat-to-fans-and-communities","status":"publish","type":"post","link":"https:\/\/amnestytunisie.org\/fr\/global-fifa-and-world-cup-hosts-must-prevent-tournament-becoming-a-threat-to-fans-and-communities\/","title":{"rendered":"Monde. La FIFA et les pays h\u00f4tes de la Coupe du monde doivent emp\u00eacher que le tournoi devienne une menace pour les fans et les populations"},"content":{"rendered":"\n<p>Des millions de fans de football qui assisteront \u00e0 la Coupe du monde masculine de la FIFA&nbsp;2026 au Canada, au Mexique et aux \u00c9tats-Unis risquent d\u2019\u00eatre confront\u00e9s \u00e0 des attaques inqui\u00e9tantes contre les droits humains, notamment du fait des politiques d\u2019immigration abusives et meurtri\u00e8res des \u00c9tats-Unis, a d\u00e9clar\u00e9 Amnesty International le 30&nbsp;mars 2026. L\u2019organisation de d\u00e9fense des droits humains a pr\u00e9venu que les graves restrictions des droits \u00e0 la libert\u00e9 d\u2019expression et \u00e0 la libert\u00e9 de manifestation pacifique menacent la perspective d\u2019un tournoi \u00ab&nbsp;s\u00fbr, accueillant et inclusif&nbsp;\u00bb promis par la FIFA.<\/p>\n\n\n\n<p>Dans son nouveau rapport intitul\u00e9&nbsp;<a href=\"https:\/\/eur02.safelinks.protection.outlook.com\/?url=https%3A%2F%2Fwww.amnesty.org%2Fen%2Fdocuments%2Fior10%2F0837%2F2026%2Fen%2F&amp;data=05%7C02%7Cmarielaure.jouret%40amnesty.org%7Ccfaafcdcd3144ec5b07608de88d7e069%7Cc2dbf829378d44c1b47a1c043924ddf3%7C0%7C0%7C639098658292683762%7CUnknown%7CTWFpbGZsb3d8eyJFbXB0eU1hcGkiOnRydWUsIlYiOiIwLjAuMDAwMCIsIlAiOiJXaW4zMiIsIkFOIjoiTWFpbCIsIldUIjoyfQ%3D%3D%7C0%7C%7C%7C&amp;sdata=GH8LVsCrVO4M3nHpqfO0mCwTvT2G%2BN96n5mtOseHrjQ%3D&amp;reserved=0\"><em>L\u2019humanit\u00e9 doit triompher. D\u00e9fendre les droits et lutter contre la r\u00e9pression pendant la Coupe du monde&nbsp;de la FIFA&nbsp;2026<\/em><\/a>, Amnesty International pr\u00e9sente les graves risques encourus par les fans, les joueurs, les journalistes, les travailleurs et travailleuses et les populations locales dans les trois pays h\u00f4tes, et les cons\u00e9quences auxquelles ces personnes s\u2019exposent. Sous le mandat du pr\u00e9sident Donald Trump, les \u00c9tats-Unis, o\u00f9 se tiendront les trois quarts des matchs de la Coupe du monde, sont le th\u00e9\u00e2tre d\u2019une&nbsp;<a href=\"https:\/\/eur02.safelinks.protection.outlook.com\/?url=https%3A%2F%2Fwww.amnestyusa.org%2Freports%2Fringing-the-alarm-bells-rising-authoritarian-practices-and-erosion-of-human-rights-in-the-united-states%2F&amp;data=05%7C02%7Cmarielaure.jouret%40amnesty.org%7Ccfaafcdcd3144ec5b07608de88d7e069%7Cc2dbf829378d44c1b47a1c043924ddf3%7C0%7C0%7C639098658292701599%7CUnknown%7CTWFpbGZsb3d8eyJFbXB0eU1hcGkiOnRydWUsIlYiOiIwLjAuMDAwMCIsIlAiOiJXaW4zMiIsIkFOIjoiTWFpbCIsIldUIjoyfQ%3D%3D%7C0%7C%7C%7C&amp;sdata=tsi4IEtr5Ac28j2TkX5nlMc1jS2qKXACyJAWG0PnLy4%3D&amp;reserved=0\">crise des droits humains<\/a>&nbsp;marqu\u00e9e par des politiques d\u2019immigration discriminatoires, des d\u00e9tentions de masse et des arrestations arbitraires par des agents masqu\u00e9s et arm\u00e9s du Service de contr\u00f4le de l\u2019immigration et des douanes (ICE), du Service des douanes et de la protection des fronti\u00e8res et d\u2019autres agences.&nbsp;<\/p>\n\n\n\n<p>\u00ab&nbsp;Le gouvernement des \u00c9tats-Unis a expuls\u00e9 plus de 500&nbsp;000&nbsp;personnes du pays en 2025, soit plus de six fois le nombre de personnes qui assisteront \u00e0 la finale de la Coupe du monde au stade Metlife&nbsp;\u00bb, a d\u00e9clar\u00e9 Steve Cockburn, directeur du programme Justice \u00e9conomique et sociale d\u2019Amnesty International.<\/p>\n\n\n\n<p>\u00ab&nbsp;L\u2019augmentation sans pr\u00e9c\u00e9dent des arrestations et expulsions ill\u00e9gales n\u2019a \u00e9t\u00e9 rendue possible que par l\u2019\u00e9rosion des garanties d\u2019une proc\u00e9dure r\u00e9guli\u00e8re, qui bafoue les droits \u00e0 la libert\u00e9 et \u00e0 la s\u00e9curit\u00e9 de centaines de milliers de personnes migrantes et r\u00e9fugi\u00e9es. Ces politiques ont d\u00e9chir\u00e9 des populations et instaur\u00e9 un climat de peur partout aux \u00c9tats-Unis. Le pays traverse une p\u00e9riode profond\u00e9ment pr\u00e9occupante, qui affectera certainement les fans souhaitant prendre part aux festivit\u00e9s de la Coupe du monde.&nbsp;\u00bb<\/p>\n\n\n\n<p>Les villes h\u00f4tes de la Coupe du monde ont subi les cons\u00e9quences de la r\u00e9pression des droits impos\u00e9e par le gouvernement des \u00c9tats-Unis. En juin 2025, le pr\u00e9sident Donald Trump a plac\u00e9 sous le commandement f\u00e9d\u00e9ral et d\u00e9ploy\u00e9 \u00e0 Los Angeles 4&nbsp;000&nbsp;membres de la Garde nationale californienne, en r\u00e9ponse \u00e0 des manifestations contre les op\u00e9rations men\u00e9es par les services de l\u2019immigration. Les villes de Dallas, Houston et Miami, qui accueilleront des matchs, ont toutes sign\u00e9 des accords probl\u00e9matiques permettant aux agences locales d\u2019application des lois de collaborer avec l\u2019ICE, ce qui accro\u00eet le profilage racial et le ciblage de personnes immigrantes et sape la confiance entre les populations et les responsables locaux de l\u2019application des lois, causant une fragilisation de la s\u00e9curit\u00e9 publique.<\/p>\n\n\n\n<figure class=\"wp-block-image\"><div style=\"position:relative\"><img decoding=\"async\" src=\"https:\/\/www.amnesty.org\/en\/wp-content\/uploads\/2026\/03\/315621-1024x705.jpg\" alt=\"A man holds up banner reading Canada Land of the homeless\" class=\"aiic-ignore wp-image-236709\" \/><\/div><figcaption class=\"wp-element-caption\">Au Canada, l\u2019impact des Jeux Olympiques de Vancouver de 2010 et une crise de l\u2019immobiliser croissante ont soulev\u00e9 des craintes que les personnes sans abri seront une nouvelle fois d\u00e9plac\u00e9es<\/figcaption><\/figure>\n\n\n\n<p>Le Mexique, \u00e9galement pays h\u00f4te de la comp\u00e9tition, a quant \u00e0 lui mobilis\u00e9 100&nbsp;000&nbsp;membres du personnel de s\u00e9curit\u00e9, dont des militaires, en r\u00e9ponse aux niveaux \u00e9lev\u00e9s de violence, ce qui accro\u00eet les risques pour les personnes prenant part \u00e0 des manifestations. Parmi les personnes concern\u00e9es figurent notamment des femmes militantes qui pr\u00e9voient une manifestation pacifique pour le match d\u2019ouverture au stade Azteca \u00e0 Mexico, afin d\u2019exiger v\u00e9rit\u00e9, justice et r\u00e9parations pour la disparition de leurs proches. Au Canada, les cons\u00e9quences des Jeux olympiques d\u2019hiver de Vancouver de 2010 et la crise du logement de plus en plus grave ont soulev\u00e9 des craintes que des personnes sans abri soient de nouveau d\u00e9plac\u00e9es et repouss\u00e9es encore plus en marge. Le 15&nbsp;mars, les autorit\u00e9s de Toronto ont ferm\u00e9 un centre de r\u00e9chauffement d\u2019hiver offrant refuge \u00e0 des personnes sans abri, car le b\u00e2timent avait \u00e9t\u00e9 r\u00e9serv\u00e9 par la FIFA.<\/p>\n\n\n\n<p><strong>Une belle comp\u00e9tition ternie par les restrictions de d\u00e9placement et les politiques abusives en mati\u00e8re d\u2019immigration des \u00c9tats-Unis<\/strong><\/p>\n\n\n\n<p>Pour la seule ann\u00e9e&nbsp;2025, le gouvernement des \u00c9tats-Unis a expuls\u00e9 plus de 500&nbsp;000&nbsp;personnes, dont 230&nbsp;000&nbsp;personnes arr\u00eat\u00e9es dans le pays et 270&nbsp;000&nbsp;\u00e0 la fronti\u00e8re, d\u2019apr\u00e8s l\u2019analyse de donn\u00e9es officielles du gouvernement effectu\u00e9e par le&nbsp;<a href=\"https:\/\/eur02.safelinks.protection.outlook.com\/?url=https%3A%2F%2Fwww.nytimes.com%2Finteractive%2F2026%2F01%2F18%2Fus%2Ftrump-deportation-numbers-immigration-crackdown.html&amp;data=05%7C02%7Cmarielaure.jouret%40amnesty.org%7Ccfaafcdcd3144ec5b07608de88d7e069%7Cc2dbf829378d44c1b47a1c043924ddf3%7C0%7C0%7C639098658292718831%7CUnknown%7CTWFpbGZsb3d8eyJFbXB0eU1hcGkiOnRydWUsIlYiOiIwLjAuMDAwMCIsIlAiOiJXaW4zMiIsIkFOIjoiTWFpbCIsIldUIjoyfQ%3D%3D%7C0%7C%7C%7C&amp;sdata=Uh3Vc2hsPj4s%2BVJZUUSWNgLpr7m0kT3d3jYgR842XdA%3D&amp;reserved=0\"><em>New York Times<\/em><\/a>. Nombre de ces personnes ont \u00e9t\u00e9 expuls\u00e9es en violation du principe de \u00ab&nbsp;non-refoulement&nbsp;\u00bb, vers des pays tiers avec lesquels elles n\u2019ont aucun lien, o\u00f9 elles ont \u00e9t\u00e9 confront\u00e9es \u00e0 une d\u00e9tention arbitraire et prolong\u00e9e.<\/p>\n\n\n\n<p>Partout aux \u00c9tats-Unis, des agents f\u00e9d\u00e9raux, agissant \u00e0 la mani\u00e8re d\u2019une op\u00e9ration paramilitaire, ont pris pour cible \u00e0 plusieurs reprises des personnes noires, latino-am\u00e9ricaines, asiatiques et d\u2019autres populations de couleur, arr\u00eatant violemment et arbitrairement des personnes, dont des enfants, \u00e0 proximit\u00e9 de leur domicile, de leur \u00e9tablissement scolaire ou de leur lieu de travail.<\/p>\n\n\n\n<p>De nombreuses populations immigr\u00e9es souhaiteront vraisemblablement se r\u00e9unir aux \u00c9tats-Unis pour regarder la Coupe du monde et des millions de supporters viendront du monde entier&nbsp;: l\u2019ICE et d\u2019autres agences repr\u00e9sentent donc une menace effrayante pour les personnes vivant dans le pays, pour celles qui se rendront dans le pays pour voir un match et pour les joueurs eux-m\u00eames.<\/p>\n\n\n\n<p>En raison des interdictions de voyager impos\u00e9es par le gouvernement de Donald Trump, les fans de C\u00f4te d\u2019Ivoire, d\u2019Ha\u00efti, d\u2019Iran et du S\u00e9n\u00e9gal ne pourront pas entrer sur le territoire pour soutenir leur \u00e9quipe, sauf si ces personnes \u00e9taient titulaires d\u2019un visa en cours de validit\u00e9 avant le 1<sup>er<\/sup>&nbsp;janvier 2026. D\u2019autres supporters s\u2019exposent \u00e0 une surveillance intrusive, puisqu\u2019il a \u00e9t\u00e9 propos\u00e9 que les personnes se rendant dans le pays mettent leurs r\u00e9seaux sociaux \u00e0 disposition \u00e0 des fins de v\u00e9rification et de recherche de contenus \u00ab&nbsp;anti-am\u00e9ricains&nbsp;\u00bb.<\/p>\n\n\n<blockquote class=\"blockquote is-lined\"><p>Cette Coupe du monde n\u2019est plus le tournoi \u00e0 \u201crisque mod\u00e9r\u00e9\u201d que la FIFA estimait qu\u2019il serait\u2026 des mesures urgentes sont n\u00e9cessaires en vue de veiller \u00e0 ce que cette Coupe du monde soit \u00e0 la hauteur de la promesse initiale<\/p>\n<cite>Steve Cockburn, directeur du programme Justice \u00e9conomique et sociale d\u2019Amnesty International<\/cite><\/blockquote>\n\n\n<p><br>\u00ab&nbsp;Malgr\u00e9 le nombre ahurissant d\u2019arrestations et d\u2019expulsions, ni la FIFA ni les autorit\u00e9s \u00e9tasuniennes n\u2019ont fourni de garanties que les fans et les populations locales seront prot\u00e9g\u00e9s du profilage ethnique et racial, des descentes aveugles et des d\u00e9tentions et expulsions ill\u00e9gales&nbsp;\u00bb, a d\u00e9clar\u00e9 Steve Cockburn.<\/p>\n\n\n\n<p>\u00ab&nbsp;Seules quatre des 16&nbsp;villes h\u00f4tes ont \u00e0 ce jour publi\u00e9 leurs plans relatifs aux droits humains, et aucun des plans pr\u00e9sent\u00e9s ne fait \u00e9tat de protection contre l\u2019application abusive des lois relatives \u00e0 l\u2019immigration. Cette Coupe du monde n\u2019est plus le tournoi \u00e0 \u201crisque mod\u00e9r\u00e9\u201d que la FIFA estimait qu\u2019il serait&nbsp;: que ce soit pour prot\u00e9ger les personnes face \u00e0 l\u2019ICE, pr\u00e9server le droit de manifester ou emp\u00eacher que des personnes se retrouvent sans abri, des mesures urgentes sont n\u00e9cessaires en vue de veiller \u00e0 ce que cette Coupe du monde soit \u00e0 la hauteur de la promesse initiale.&nbsp;\u00bb<\/p>\n\n\n\n<p><strong>Le droit de manifester et la libert\u00e9 d\u2019expression menac\u00e9s<\/strong><\/p>\n\n\n\n<p>Les Coupes du monde entra\u00eenent souvent des manifestations et il existe des risques que celles-ci soient r\u00e9prim\u00e9es.<\/p>\n\n\n\n<p>Partout aux \u00c9tats-Unis, au Canada et au Mexique, les droits \u00e0 la libert\u00e9 d\u2019expression et \u00e0 la libert\u00e9 de r\u00e9union pacifique ont fait l\u2019objet de restrictions. Le gouvernement de Donald Trump a particuli\u00e8rement pris pour cible des \u00e9tudiant\u00b7e\u00b7s \u00e9trangers manifestant contre le g\u00e9nocide actuellement perp\u00e9tr\u00e9 par le gouvernement d\u2019Isra\u00ebl \u00e0 Gaza, et des citoyen\u00b7ne\u00b7s \u00e9tasuniens qui manifestaient ou surveillaient des op\u00e9rationsagressives d\u2019application de la politique d\u2019immigration ont \u00e9t\u00e9 tu\u00e9s par des agents f\u00e9d\u00e9raux.<\/p>\n\n\n\n<figure class=\"wp-block-image\"><div style=\"position:relative\"><img decoding=\"async\" src=\"https:\/\/www.amnesty.org\/en\/wp-content\/uploads\/2026\/03\/315639-1-1024x682.jpg\" alt=\"A person is handcuffted by authorities in the USA\" class=\"aiic-ignore wp-image-236710\" \/><\/div><figcaption class=\"wp-element-caption\">Les assistants du sh\u00e9rif Hennepin County sheriff arr\u00eatent un manifestant devant le b\u00e2timent f\u00e9d\u00e9ral Bishop Henry Whipple lors d\u2019une manifestation s\u2019opposant aux op\u00e9rations du Service de l\u2019immigration et des douanes des \u00c9tats-Unis (ICE) \u00e0 Minneapolis, Minnesota.<\/figcaption><\/figure>\n\n\n\n<p>Au Canada, une vague de manifestations contre le g\u00e9nocide \u00e0 Gaza s\u2019est \u00e9lev\u00e9e, et des manifestations pacifiques de grande ampleur et des campements de manifestant\u00b7e\u00b7s \u00e9tudiants ont notamment \u00e9t\u00e9 dispers\u00e9s ou \u00e9vacu\u00e9s de mani\u00e8re injustifi\u00e9e par la police.<\/p>\n\n\n\n<p>Au Mexique, des manifestations li\u00e9es \u00e0 la Coupe du monde ont \u00e9galement \u00e9t\u00e9 organis\u00e9es par des habitant\u00b7e\u00b7s des villes h\u00f4tes d\u00e9non\u00e7ant les coupures d\u2019eau, les obstacles \u00e0 l\u2019acc\u00e8s \u00e0 la terre, l\u2019augmentation des co\u00fbts et la gentrification caus\u00e9s par la construction d\u2019infrastructures. La nature militaris\u00e9e de la force de s\u00e9curit\u00e9 d\u00e9ploy\u00e9e au Mexique pour le tournoi entra\u00eene des risques que les manifestations soient encore davantage r\u00e9prim\u00e9es.<\/p>\n\n\n\n<p><strong>Les droits humains doivent rester au c\u0153ur du tournoi<\/strong><\/p>\n\n\n\n<p>\u00c0 seulement 10&nbsp;semaines du coup d\u2019envoi de la Coupe du monde, l\u2019engagement de la FIFA \u00e0 organiser un tournoi dans lequel tout le monde \u00ab&nbsp;se sentira en s\u00e9curit\u00e9, inclus et libre d\u2019exercer ses droits&nbsp;\u00bb requiert une action urgente en vue d\u2019\u00e9viter que cette belle comp\u00e9tition ne se solde par un r\u00e9sultat malheureux.Des membres de groupes LGBTQI+ au Royaume-Uni et en Europe ont d\u00e9clar\u00e9 qu\u2019il \u00e9tait dangereux que leur pr\u00e9sence soit visible pendant le tournoi.<\/p>\n\n\n\n<p>\u00ab&nbsp;Alors que la FIFA g\u00e9n\u00e8re des revenus records gr\u00e2ce \u00e0 la Coupe du monde&nbsp;2026, il est inacceptable que les fans, les populations, les joueurs, les journalistes et les travailleurs et travailleuses paient le prix fort. C\u2019est \u00e0 ces personnes, et non pas aux gouvernements, aux sponsors ou \u00e0 la FIFA, qu\u2019appartient le football, et leurs droits doivent \u00eatre plac\u00e9s au c\u0153ur du tournoi&nbsp;\u00bb, a d\u00e9clar\u00e9 Steve Cockburn.<\/p>\n\n\n\n<p><strong>Compl\u00e9ment d\u2019information<\/strong><\/p>\n\n\n\n<p><em>Amnesty International fait partie de la&nbsp;<\/em><a href=\"https:\/\/eur02.safelinks.protection.outlook.com\/?url=https%3A%2F%2Fsportandrightsalliance.org%2Fworldcup2026%2F&amp;data=05%7C02%7Cmarielaure.jouret%40amnesty.org%7Ccfaafcdcd3144ec5b07608de88d7e069%7Cc2dbf829378d44c1b47a1c043924ddf3%7C0%7C0%7C639098658292736768%7CUnknown%7CTWFpbGZsb3d8eyJFbXB0eU1hcGkiOnRydWUsIlYiOiIwLjAuMDAwMCIsIlAiOiJXaW4zMiIsIkFOIjoiTWFpbCIsIldUIjoyfQ%3D%3D%7C0%7C%7C%7C&amp;sdata=6%2Bnrc9t7uLDFfyPWh9PbxJrhzsNVMaPFcN8oJoXkN3w%3D&amp;reserved=0\"><em>Sports &amp; Rights Alliance<\/em><\/a><em>, un mouvement de supporters, d\u2019athl\u00e8tes, de travailleurs et travailleuses, de membres de populations locales et d\u2019organisations de d\u00e9fense des droits humains appelant la FIFA \u00e0 travailler avec les pays h\u00f4tes en vue de prot\u00e9ger les personnes et populations des villes o\u00f9 se tient la comp\u00e9tition.<\/em><\/p>\n\n\n\n\n\n\n\n\n","protected":false},"excerpt":{"rendered":"<p>Des millions de fans de football qui assisteront \u00e0 la Coupe du monde masculine de la FIFA&nbsp;2026 au Canada, au Mexique et aux \u00c9tats-Unis risquent d\u2019\u00eatre confront\u00e9s \u00e0 des attaques inqui\u00e9tantes contre les droits humains, notamment du fait des politiques d\u2019immigration abusives et meurtri\u00e8res des \u00c9tats-Unis, a d\u00e9clar\u00e9 Amnesty International le 30&nbsp;mars 2026. L\u2019organisation de [&hellip;]<\/p>\n","protected":false},"featured_media":2182,"comment_status":"closed","ping_status":"closed","sticky":false,"template":"","format":"standard","meta":{"_yoast_wpseo_focuskw":"Global: FIFA and World Cup hosts must prevent tournament becoming a threat to fans and communities","_yoast_wpseo_title":"","_yoast_wpseo_metadesc":"","_yoast_wpseo_meta-robots-noindex":"","_yoast_wpseo_meta-robots-nofollow":"","_yoast_wpseo_canonical":"","_yoast_wpseo_opengraph-title":"","_yoast_wpseo_opengraph-description":"","_yoast_wpseo_opengraph-image":"","_yoast_wpseo_opengraph-image-id":0,"_yoast_wpseo_twitter-title":"","_yoast_wpseo_twitter-description":"","_yoast_wpseo_twitter-image":"","_yoast_wpseo_twitter-image-id":0,"_hero_title":"","_hero_content":"","_hero_cta_text":"","_hero_cta_link":"","_hero_alignment":"","_hero_background":"","_hero_size":"","_hero_show":"","_hero_type":"","_hero_embed":"","_hero_video_id":0,"_hero_hide_image_caption":true,"_hero_hide_image_copyright":false,"_nav_style":"","_disable_share_icons":false,"_disable_sidebar":false,"_display_author_info":false,"_hide_featured_image":false,"_hide_featured_image_caption":true,"_maximize_post_content":false,"_reduce_content_width":false,"_sidebar_id":0,"_stretch_thumbnail":false,"byline_context":"","byline_entity":"","byline_is_author":false,"disable_related_content":false,"download_id":0,"download_text":"","show_published_date":true,"show_updated_date":true,"term_slider":"","amnesty_index_number":"","recipients":"","recipients_refresh":"","recipients_refreshed":"","amnesty_umbraco_data":"","document_ref":"","amnesty_updated":"","footnotes":""},"category":[1586],"location":[1219,1253,1239],"topic":[1398,1399,1412,1433],"class_list":["post-2181","post","type-post","status-publish","format-standard","has-post-thumbnail","hentry","category-nouvelles","location-canada","location-etats-unis","location-mexique","topic-discrimination","topic-droits-des-personnes-lgbti","topic-liberte-de-la-presse","topic-militants-et-defenseurs-des-droits-humains"],"datePosted":"mars 30, 2026","mlpRelationships":{"8":2181,"9":2300},"_links":{"self":[{"href":"https:\/\/amnestytunisie.org\/fr\/wp-json\/wp\/v2\/posts\/2181","targetHints":{"allow":["GET"]}}],"collection":[{"href":"https:\/\/amnestytunisie.org\/fr\/wp-json\/wp\/v2\/posts"}],"about":[{"href":"https:\/\/amnestytunisie.org\/fr\/wp-json\/wp\/v2\/types\/post"}],"author":[{"embeddable":true,"href":"https:\/\/amnestytunisie.org\/fr\/wp-json\/wp\/v2\/users\/17"}],"replies":[{"embeddable":true,"href":"https:\/\/amnestytunisie.org\/fr\/wp-json\/wp\/v2\/comments?post=2181"}],"version-history":[{"count":0,"href":"https:\/\/amnestytunisie.org\/fr\/wp-json\/wp\/v2\/posts\/2181\/revisions"}],"wp:featuredmedia":[{"embeddable":true,"href":"https:\/\/amnestytunisie.org\/fr\/wp-json\/wp\/v2\/media\/2182"}],"wp:attachment":[{"href":"https:\/\/amnestytunisie.org\/fr\/wp-json\/wp\/v2\/media?parent=2181"}],"wp:term":[{"taxonomy":"category","embeddable":true,"href":"https:\/\/amnestytunisie.org\/fr\/wp-json\/wp\/v2\/category?post=2181"},{"taxonomy":"location","embeddable":true,"href":"https:\/\/amnestytunisie.org\/fr\/wp-json\/wp\/v2\/location?post=2181"},{"taxonomy":"topic","embeddable":true,"href":"https:\/\/amnestytunisie.org\/fr\/wp-json\/wp\/v2\/topic?post=2181"}],"curies":[{"name":"wp","href":"https:\/\/api.w.org\/{rel}","templated":true}]}}